{"id":60,"date":"2015-04-30T03:26:00","date_gmt":"2015-04-30T03:26:00","guid":{"rendered":"http:\/\/kielijakirjallisuus.fi\/blogi\/uncategorized\/dokumenttiprojekti\/"},"modified":"2015-04-30T03:26:00","modified_gmt":"2015-04-30T03:26:00","slug":"dokumenttiprojekti","status":"publish","type":"post","link":"http:\/\/kielijakirjallisuus.fi\/blogi\/uncategorized\/dokumenttiprojekti\/","title":{"rendered":"Dokumenttiprojekti"},"content":{"rendered":"<div style=\"text-align: left;\"><a href=\"http:\/\/2.bp.blogspot.com\/-ZykDIWrdpZo\/R2hAXt6I_TI\/AAAAAAAAAAg\/9R5Uu6Qb17s\/s1600\/filmi2.jpg\" style=\"clear: right; float: right; margin-bottom: 1em; margin-left: 1em;\"><img decoding=\"async\" border=\"0\" src=\"http:\/\/2.bp.blogspot.com\/-ZykDIWrdpZo\/R2hAXt6I_TI\/AAAAAAAAAAg\/9R5Uu6Qb17s\/s1600\/filmi2.jpg\" \/><\/a><b>Ty\u00f6 tehd\u00e4\u00e4n ryhm\u00e4ty\u00f6n\u00e4.<\/b><\/p>\n<\/div>\n<p>1. Valitkaa ryhm\u00e4llenne aihe.<br \/>2. Laatikaa aiheestanne ajatuskartta.<br \/>3. Listatkaa, miss\u00e4 j\u00e4rjestyksess\u00e4 aiotte asioita dokumentissanne k\u00e4sitell\u00e4.<\/p>\n<p>Vinkkej\u00e4: <a href=\"http:\/\/yle.fi\/vintti\/yle.fi\/mediakompassi\/mediakompassi\/4-6-luokkalaiset\/ekan-elokuvan-abc\/idea-ja-kasikirjoitus\/aihe.htm\" target=\"_blank\" rel=\"noopener noreferrer\">Aiheen valinta<\/a><br \/>Vinkkej\u00e4: <a href=\"http:\/\/yle.fi\/vintti\/yle.fi\/mediakompassi\/mediakompassi\/4-6-luokkalaiset\/ekan-elokuvan-abc\/idea-ja-kasikirjoitus\/harjoittele.htm\" target=\"_blank\" rel=\"noopener noreferrer\">Tee havaintoja&nbsp;<\/a><br \/>&#8212;-<\/p>\n<div style=\"clear: both; text-align: center;\"><\/div>\n<p>4. Tehk\u00e4\u00e4 ty\u00f6njako ja alkakaa etsi\u00e4 materiaalia dokumenttiinne.<br \/>&nbsp; &nbsp; Luokaa OneDriveen yhteinen kansio, jonne kokoatte kaiken materiaalin.<br \/>5. Tehk\u00e4\u00e4 (alustava) kuvak\u00e4sikirjoitus dokumentista<\/p>\n<p>Vinkkej\u00e4: <a href=\"http:\/\/yle.fi\/vintti\/yle.fi\/mediakompassi\/mediakompassi\/4-6-luokkalaiset\/ekan-elokuvan-abc\/kuvasuunnittelu\/tekeminen.htm\" target=\"_blank\" rel=\"noopener noreferrer\">Kuvak\u00e4sikirjoitus<\/a><\/p>\n<p>&#8212;&#8211;<\/p>\n<p>5. Suunnitelkaa kuvausmateriaalin hankinta:<br \/>&#8211; millaista materiaalia tarvitsette?<br \/>&#8211; millaisia haastattelup\u00e4tki\u00e4 tarvitsette?<br \/>&#8211; millaisia taustakuvia ja kuvitusmateriaalia tarvitsette?<br \/>&#8211; t\u00e4ytyyk\u00f6 osa materiaalista \u00e4\u00e4nitt\u00e4\u00e4 erilliselle \u00e4\u00e4niraidalle?<\/p>\n<p>&nbsp;Sopikaa, miss\u00e4 k\u00e4ytte kuvaamassa.<br \/>&nbsp; &nbsp; K\u00e4yk\u00e4\u00e4 katsomassa kuvauspaikkoja.<\/p>\n<p>Vinkkej\u00e4:&nbsp;<a href=\"http:\/\/yle.fi\/vintti\/yle.fi\/mediakompassi\/mediakompassi\/4-6-luokkalaiset\/ekan-elokuvan-abc\/kuvasuunnittelu\/suunnittele.htm\" target=\"_blank\" rel=\"noopener noreferrer\">Turvallinen kuvarakenne<\/a><br \/>Vinkkej\u00e4:<a href=\"http:\/\/yle.fi\/vintti\/yle.fi\/mediakompassi\/mediakompassi\/4-6-luokkalaiset\/ekan-elokuvan-abc\/kuvasuunnittelu\/sommittelu.htm\" target=\"_blank\" rel=\"noopener noreferrer\">&nbsp;Elokuvan kuvasommittelu<\/a><\/p>\n<p>HUOM. Jos aiotte julkaista elokuvan netiss\u00e4, teid\u00e4n pit\u00e4\u00e4 huolehtia siit\u00e4, ett\u00e4 teill\u00e4 on kaikkeen materiaaliin lupa! Ottakaa siis selv\u00e4\u00e4 <a href=\"http:\/\/www.opettajantekijanoikeus.fi\/2012\/10\/mita-lupia-tarvitaan-oppilaiden-tekeman-videon-julkaisemiseen-netissa\/\" target=\"_blank\" rel=\"noopener noreferrer\">tekij\u00e4noikeusasioista<\/a>!<\/p>\n<p>&#8212;<\/p>\n<p>6. Tehk\u00e4\u00e4 kohtaussuunnitelmat<\/p>\n<p>3-5 kohtausta on sopiva m\u00e4\u00e4r\u00e4.<br \/>Miettik\u00e4\u00e4 kohtauksittain:<\/p>\n<p>&#8211; mit\u00e4 kuvamateriaalia k\u00e4yt\u00e4tte<br \/>&#8211; mit\u00e4 teksti\u00e4 kohtaukseen tulee (\u00e4\u00e4nitiedosto vai kirjoitettu teksti)<br \/>&#8211; mit\u00e4 taustamusiikkia kohtaukseen tulee (jamendo)<br \/>&nbsp; <\/p>\n<p>&#8212;&#8212;<\/p>\n<p>7. Aloittakaa elokuvan editointi. J\u00e4rjest\u00e4k\u00e4\u00e4 materiaalinne elokuvaty\u00f6kaluun oikeassa j\u00e4rjestyksess\u00e4 ja editoikaa materiaalinne elokuvaksi. Lis\u00e4tk\u00e4\u00e4 tehosteita ja musiikkia.<br \/>8. Esitt\u00e4k\u00e4\u00e4 valmis elokuvanne opettajalla ja luokalle.<\/p>\n<p><\/p>\n","protected":false},"excerpt":{"rendered":"<p>Ty\u00f6 tehd\u00e4\u00e4n ryhm\u00e4ty\u00f6n\u00e4. 1. Valitkaa ryhm\u00e4llenne aihe.2. Laatikaa aiheestanne ajatuskartta.3. Listatkaa, miss\u00e4 j\u00e4rjestyksess\u00e4 aiotte asioita dokumentissanne k\u00e4sitell\u00e4. Vinkkej\u00e4: Aiheen valintaVinkkej\u00e4: Tee havaintoja&nbsp;&#8212;- 4. Tehk\u00e4\u00e4 ty\u00f6njako ja alkakaa etsi\u00e4 materiaalia dokumenttiinne.&nbsp; &nbsp; Luokaa OneDriveen yhteinen kansio, jonne kokoatte kaiken materiaalin.5. Tehk\u00e4\u00e4 <a href=\"http:\/\/kielijakirjallisuus.fi\/blogi\/uncategorized\/dokumenttiprojekti\/\" class=\"read-more\">lue lis\u00e4\u00e4<\/a><\/p>\n","protected":false},"author":1,"featured_media":0,"comment_status":"open","ping_status":"open","sticky":false,"template":"","format":"standard","meta":{"footnotes":""},"categories":[1],"tags":[],"class_list":["post-60","post","type-post","status-publish","format-standard","hentry","category-uncategorized"],"_links":{"self":[{"href":"http:\/\/kielijakirjallisuus.fi\/blogi\/wp-json\/wp\/v2\/posts\/60","targetHints":{"allow":["GET"]}}],"collection":[{"href":"http:\/\/kielijakirjallisuus.fi\/blogi\/wp-json\/wp\/v2\/posts"}],"about":[{"href":"http:\/\/kielijakirjallisuus.fi\/blogi\/wp-json\/wp\/v2\/types\/post"}],"author":[{"embeddable":true,"href":"http:\/\/kielijakirjallisuus.fi\/blogi\/wp-json\/wp\/v2\/users\/1"}],"replies":[{"embeddable":true,"href":"http:\/\/kielijakirjallisuus.fi\/blogi\/wp-json\/wp\/v2\/comments?post=60"}],"version-history":[{"count":0,"href":"http:\/\/kielijakirjallisuus.fi\/blogi\/wp-json\/wp\/v2\/posts\/60\/revisions"}],"wp:attachment":[{"href":"http:\/\/kielijakirjallisuus.fi\/blogi\/wp-json\/wp\/v2\/media?parent=60"}],"wp:term":[{"taxonomy":"category","embeddable":true,"href":"http:\/\/kielijakirjallisuus.fi\/blogi\/wp-json\/wp\/v2\/categories?post=60"},{"taxonomy":"post_tag","embeddable":true,"href":"http:\/\/kielijakirjallisuus.fi\/blogi\/wp-json\/wp\/v2\/tags?post=60"}],"curies":[{"name":"wp","href":"https:\/\/api.w.org\/{rel}","templated":true}]}}