{"id":123,"date":"2013-11-03T08:11:00","date_gmt":"2013-11-03T08:11:00","guid":{"rendered":"http:\/\/kielijakirjallisuus.fi\/blogi\/uncategorized\/persoonamuotoiset-verbit\/"},"modified":"2013-11-03T08:11:00","modified_gmt":"2013-11-03T08:11:00","slug":"persoonamuotoiset-verbit","status":"publish","type":"post","link":"http:\/\/kielijakirjallisuus.fi\/blogi\/verbiketju\/persoonamuotoiset-verbit\/","title":{"rendered":"Persoonamuotoiset verbit"},"content":{"rendered":"<p>Jokaisessa t\u00e4ydellisess\u00e4 lauseessa kuuluu olla yksi <b>persoonamuotoinen verbi<\/b>. Se voi muodostaa jopa yksin\u00e4\u00e4n t\u00e4ydellisen lauseen:<\/p>\n<p>Tule!<br \/>Sataa.<br \/>L\u00e4hdet\u00e4\u00e4nk\u00f6?<\/p>\n<p>Persoonamuotoisilla verbeill\u00e4 on sek\u00e4<b> aktiivi- ett\u00e4 passiivimuoto<\/b>.<br \/>Verbit taipuvat<b> my\u00f6nt\u00f6- ja kieltomuodoissa<\/b>.<\/p>\n<p>Verbit voivat muodostaa my\u00f6s <b>verbiketjuja<\/b>. Ainoastaan verbiketjun ensimm\u00e4inen verbi on persoonamuotoinen verbi. Loput ovat ns. <i>nominaalimuotoisia<\/i> verbej\u00e4.<\/p>\n<p><iframe loading=\"lazy\" src=\"\/\/www.slideshare.net\/slideshow\/embed_code\/40815629\" width=\"425\" height=\"355\" frameborder=\"0\" marginwidth=\"0\" marginheight=\"0\" scrolling=\"no\" style=\"border:1px solid #CCC; border-width:1px; margin-bottom:5px; max-width: 100%;\" allowfullscreen> <\/iframe> <\/p>\n<div style=\"margin-bottom:5px\"> <strong> <a href=\"http:\/\/www.slideshare.net\/annamariatoivonen\/verbitaivutus2014\" title=\"Verbitaivutus2014\" target=\"_blank\" rel=\"noopener noreferrer\">Verbitaivutus2014<\/a> <\/strong> from <strong><a href=\"http:\/\/www.slideshare.net\/annamariatoivonen\" target=\"_blank\" rel=\"noopener noreferrer\">Anna-Maria Toivonen<\/a><\/strong> <\/div>\n","protected":false},"excerpt":{"rendered":"<p>Jokaisessa t\u00e4ydellisess\u00e4 lauseessa kuuluu olla yksi persoonamuotoinen verbi. Se voi muodostaa jopa yksin\u00e4\u00e4n t\u00e4ydellisen lauseen: Tule!Sataa.L\u00e4hdet\u00e4\u00e4nk\u00f6? Persoonamuotoisilla verbeill\u00e4 on sek\u00e4 aktiivi- ett\u00e4 passiivimuoto.Verbit taipuvat my\u00f6nt\u00f6- ja kieltomuodoissa. Verbit voivat muodostaa my\u00f6s verbiketjuja. Ainoastaan verbiketjun ensimm\u00e4inen verbi on persoonamuotoinen verbi. Loput <a href=\"http:\/\/kielijakirjallisuus.fi\/blogi\/verbiketju\/persoonamuotoiset-verbit\/\" class=\"read-more\">lue lis\u00e4\u00e4<\/a><\/p>\n","protected":false},"author":1,"featured_media":0,"comment_status":"open","ping_status":"open","sticky":false,"template":"","format":"standard","meta":{"footnotes":""},"categories":[35,37,38,36,33,34],"tags":[],"class_list":["post-123","post","type-post","status-publish","format-standard","hentry","category-aktiivi","category-kieltomuoto","category-passivi","category-persoonamuotoinen-verbi","category-verbiketju","category-verbit"],"_links":{"self":[{"href":"http:\/\/kielijakirjallisuus.fi\/blogi\/wp-json\/wp\/v2\/posts\/123","targetHints":{"allow":["GET"]}}],"collection":[{"href":"http:\/\/kielijakirjallisuus.fi\/blogi\/wp-json\/wp\/v2\/posts"}],"about":[{"href":"http:\/\/kielijakirjallisuus.fi\/blogi\/wp-json\/wp\/v2\/types\/post"}],"author":[{"embeddable":true,"href":"http:\/\/kielijakirjallisuus.fi\/blogi\/wp-json\/wp\/v2\/users\/1"}],"replies":[{"embeddable":true,"href":"http:\/\/kielijakirjallisuus.fi\/blogi\/wp-json\/wp\/v2\/comments?post=123"}],"version-history":[{"count":0,"href":"http:\/\/kielijakirjallisuus.fi\/blogi\/wp-json\/wp\/v2\/posts\/123\/revisions"}],"wp:attachment":[{"href":"http:\/\/kielijakirjallisuus.fi\/blogi\/wp-json\/wp\/v2\/media?parent=123"}],"wp:term":[{"taxonomy":"category","embeddable":true,"href":"http:\/\/kielijakirjallisuus.fi\/blogi\/wp-json\/wp\/v2\/categories?post=123"},{"taxonomy":"post_tag","embeddable":true,"href":"http:\/\/kielijakirjallisuus.fi\/blogi\/wp-json\/wp\/v2\/tags?post=123"}],"curies":[{"name":"wp","href":"https:\/\/api.w.org\/{rel}","templated":true}]}}